{"id":1900,"__str__":"Indica\u00e7\u00e3o n\u00ba 201 de 2021 | Proposi\u00e7\u00e3o apresentada em Plen\u00e1rio | 03/05/2021","link_detail_backend":"/materia/tramitacao/1900","metadata":{},"timestamp":"2021-05-03T16:31:16.333927-03:00","data_tramitacao":"2021-05-03","data_encaminhamento":"2021-05-03","urgente":false,"turno":"","texto":"Indica\u00e7\u00e3o n\u00ba 201/2021 de autoria dos Vereadores Adriano Laurindo da Silva, Ednaldo Fragas da Silva, Carlos Antonio Cunha Resende, Eduardo Ribeiro da Silva e Willian Mariano Batista, encaminhado expediente ao Prefeito Municipal com copia a Secretaria Municipal de Educa\u00e7\u00e3o, mostrando a necessidade de fazer uma grade de prote\u00e7\u00e3o na entrada do CEI \u2013 Centro de Educa\u00e7\u00e3o Infantil Giovanna Marra (Creche).","data_fim_prazo":"2021-05-03","ip":"200.140.139.9","ultima_edicao":"2021-05-03T16:30:55.157572-03:00","status":28,"materia":2606,"unidade_tramitacao_local":14,"unidade_tramitacao_destino":18,"user":11}