{"id":1505,"__str__":"Indica\u00e7\u00e3o n\u00ba 75 de 2021 | Proposi\u00e7\u00e3o apresentada em Plen\u00e1rio | 08/03/2021","link_detail_backend":"/materia/tramitacao/1505","metadata":{},"timestamp":"2021-03-09T15:20:19.258257-03:00","data_tramitacao":"2021-03-08","data_encaminhamento":"2021-03-08","urgente":false,"turno":"","texto":"INDICA\u00c7\u00c3O N\u00ba 075/2021 de autoria dos Vereadores Sebasti\u00e3o Nunes de Oliveira e Jubio Carlos Montel de Moraes, que seja encaminhado expediente ao Prefeito Municipal com copia a Secretaria Municipal de Limpeza Urbana e Infraestrutura, mostrando a necessidade de fazer limpeza geral e cal\u00e7ada em volta da Escola Estadual Coronel Vanique nas Ruas onde falta cal\u00e7ada.","data_fim_prazo":"2021-03-08","ip":"200.140.139.9","ultima_edicao":"2021-03-09T15:19:58.415181-03:00","status":28,"materia":2440,"unidade_tramitacao_local":14,"unidade_tramitacao_destino":18,"user":11}