{"id":13891,"__str__":"Indica\u00e7\u00e3o n\u00ba 256 de 2025 | Aguardando para Leitura | 19/08/2025","link_detail_backend":"/materia/tramitacao/13891","metadata":{},"timestamp":"2025-08-19T17:47:55.740108-03:00","data_tramitacao":"2025-08-19","data_encaminhamento":"2025-08-19","urgente":false,"turno":"","texto":"Indica\u00e7\u00e3o n\u00ba 256/2025 de autoria do Vereador Ednaldo Fragas da Silva, encaminhada ao Deputado Estadual Jos\u00e9 Eugenio de Paiva \u2013 Dr. Eug\u00eanio, mostrando a necessidade de fazer gest\u00e3o junto ao Governo do Estado de Mato Grosso, para que os Militares do Corpo de Bombeiros tamb\u00e9m sejam contemplados com a promo\u00e7\u00e3o de carreira.","data_fim_prazo":"2025-08-21","ip":"200.39.135.36","ultima_edicao":"2025-08-19T17:47:39.237926-03:00","status":51,"materia":6156,"unidade_tramitacao_local":14,"unidade_tramitacao_destino":18,"user":13}