{"id":1005,"__str__":"Indica\u00e7\u00e3o n\u00ba 98 de 2020 | Proposi\u00e7\u00e3o apresentada em Plen\u00e1rio | 08/09/2020","link_detail_backend":"/materia/tramitacao/1005","metadata":{},"timestamp":"2020-09-09T17:10:36.378330-03:00","data_tramitacao":"2020-09-08","data_encaminhamento":"2020-09-08","urgente":false,"turno":"","texto":"INDICA\u00c7\u00c3O N\u00b0 098/2020 de autoria do Plenario da Camara Municipal (Eduardo Ribeiro da Silva), encaminhado expediente ao Prefeito Municipal com c\u00f3pia a Secret\u00e1ria Municipal de Educa\u00e7\u00e3o no sentido de agregar o profissional Assistente Social junto aos profissionais da Secretaria Municipal de Educa\u00e7\u00e3o.","data_fim_prazo":"2020-09-08","ip":"200.39.132.0","ultima_edicao":"2020-09-09T17:10:14.236893-03:00","status":28,"materia":2237,"unidade_tramitacao_local":14,"unidade_tramitacao_destino":18,"user":11}