{"id":801,"__str__":"Indica\u00e7\u00e3o n\u00ba 200 de 2017","link_detail_backend":"/materia/801","metadata":{},"numero":200,"ano":2017,"numero_protocolo":null,"data_apresentacao":"2017-08-14","tipo_apresentacao":"","data_publicacao":null,"numero_origem_externa":"","ano_origem_externa":null,"data_origem_externa":null,"apelido":"","dias_prazo":null,"data_fim_prazo":null,"em_tramitacao":false,"polemica":null,"objeto":"","complementar":null,"ementa":"INDICA\u00c7\u00c3O N\u00b0 200/2017 DE AUTORIA DO VEREADOR EDUARDO RIBEIRO DA SILVA, ENCAMINHADO EXPEDIENTE AO PREFEITO MUNICIPAL NO SENTIDO DE QUE O MUNIC\u00cdPIO CEDA UMA \u00c1REA EM ANEXO AS UNIDADES DO CRAS, CCI E ASSIST\u00caNCIA SOCIAL NA RUA LEONARDO VILAS BOA PARA IMPLANTA\u00c7\u00c3O DE UMA UNIDADE DO CREAS &#8211; CENTRO DE REFERENCIA ESPECIALIZADA DE ASSIST\u00caNCIA SOCIAL .\r\n","indexacao":"PREFEITO MUNICIPAL, CRAS","observacao":"","resultado":"","texto_original":"http://sapl.novaxavantina.mt.leg.br/media/sapl/public/materialegislativa/2017/801/801_texto_integral.docx","data_ultima_atualizacao":"2018-09-29T10:47:26.531133-03:00","ip":"","ultima_edicao":null,"tipo":8,"regime_tramitacao":1,"tipo_origem_externa":null,"local_origem_externa":null,"user":null,"anexadas":[],"autores":[]}