{"id":5603,"__str__":"Projeto de Lei Executivo n\u00ba 18 de 2025","link_detail_backend":"/materia/5603","metadata":{"signs":{"texto_original":{"admin":[],"autores":[["Frankilin Martins de Oliveira",["2025-02-05T15:10:24-03:00","ICP-Brasil - Certificado PF A1"]]]}}},"numero":18,"ano":2025,"numero_protocolo":25,"data_apresentacao":"2025-02-06","tipo_apresentacao":"E","data_publicacao":null,"numero_origem_externa":"","ano_origem_externa":null,"data_origem_externa":null,"apelido":"","dias_prazo":null,"data_fim_prazo":null,"em_tramitacao":false,"polemica":false,"objeto":"","complementar":false,"ementa":"Altera dispositivos constantes na Lei Municipal n\u00ba 1.443/2010 que disp\u00f5e sobre a cria\u00e7\u00e3o do Conselho Municipal dos Direitos da Pessoa com Defici\u00eancia e d\u00e1 outras provid\u00eancias.","indexacao":"Altera Lei. conselho. pessoa com deficiencia. cria conselho. pessoa especial.","observacao":"","resultado":"","texto_original":"http://sapl.novaxavantina.mt.leg.br/media/sapl/public/materialegislativa/2025/5603/projeto_de_lei_no_018.2025-alt.lei1443.conselho_pessoa_deficiencia.pdf","data_ultima_atualizacao":"2025-02-24T14:17:11.102201-03:00","ip":"200.39.135.36","ultima_edicao":"2025-02-06T13:55:37.764533-03:00","tipo":1,"regime_tramitacao":1,"tipo_origem_externa":null,"local_origem_externa":null,"user":11,"anexadas":[],"autores":[15]}