{"id":523,"__str__":"Indica\u00e7\u00e3o n\u00ba 28 de 2017","link_detail_backend":"/materia/523","metadata":{},"numero":28,"ano":2017,"numero_protocolo":null,"data_apresentacao":"2017-03-13","tipo_apresentacao":"","data_publicacao":null,"numero_origem_externa":"","ano_origem_externa":null,"data_origem_externa":null,"apelido":"","dias_prazo":null,"data_fim_prazo":null,"em_tramitacao":false,"polemica":null,"objeto":"","complementar":null,"ementa":"INDICA\u00c7\u00c3O N\u00b0 028/2017 DE AUTORIA DO VEREADOR EDUARDO RIBEIRO DA SILVA, AO PREFEITO MUNICIPAL COM C\u00d3PIA A SECRET\u00c1RIA MUNICIPAL DE ASSIST\u00caNCIA SOCIAL E AO SECRET\u00c1RIO MUNICIPAL DE SA\u00daDE   MOSTRANDO A NECESSIDADE DA CAMPANHA  BATE &#8211; BATE CORA\u00c7\u00c3O PARA ATENDER PESSOAS DA 3\u00aa IDADE  NO CENTRO DE CONVIV\u00caNCIA DE IDOSOS.\r\n \r\n","indexacao":"CAMPANHA BATE BATE CORA\u00c7\u00c3O, 3\u00aa IDADE","observacao":"","resultado":"","texto_original":"http://sapl.novaxavantina.mt.leg.br/media/sapl/public/materialegislativa/2017/523/523_texto_integral.docx","data_ultima_atualizacao":"2018-09-29T10:47:27.101662-03:00","ip":"","ultima_edicao":null,"tipo":8,"regime_tramitacao":1,"tipo_origem_externa":null,"local_origem_externa":null,"user":null,"anexadas":[],"autores":[]}