{"id":2655,"__str__":"Indica\u00e7\u00e3o - C\u00e2mara Municipal de 15/02/2023 por Poder Legislativo","link_detail_backend":"/materia/documentoacessorio/2655","metadata":{},"nome":"C\u00e2mara Municipal","data":"2023-02-15","autor":"Poder Legislativo","ementa":"Indica\u00e7\u00e3o n\u00ba 016/2023 de autoria dos Vereadores Jubio Carlos Montel de Moraes e Edemundo Aparecido Gon\u00e7alves dos Reses, encaminhado expediente ao Prefeito Municipal com c\u00f3pia ao Secret\u00e1rio de Administra\u00e7\u00e3o no sentido de adequar a legisla\u00e7\u00e3o local para fins de atender a Recomenda\u00e7\u00e3o Orientativa Conjunta n\u00ba 01/2023 \u2013TCE/MPC/MT, que em resumo refor\u00e7a a necessidade da promo\u00e7\u00e3o de a\u00e7\u00f5es e pr\u00e1ticas voltadas \u00e0 import\u00e2ncia da reintegra\u00e7\u00e3o do reeducando na sociedade.","indexacao":"Prefeito. reeducando. reintegra\u00e7\u00e3o. reintegra\u00e7\u00e3o de reeducando. recomenda\u00e7\u00e3o orientativa do TCE. recomenda\u00e7\u00e3o orientativa. Policia Militar.","arquivo":"http://sapl.novaxavantina.mt.leg.br/media/sapl/public/documentoacessorio/2023/2655/indicacao_no_016.2023-jubio_e_edemundo.docx","data_ultima_atualizacao":"2023-02-15T14:26:12.909346-03:00","materia":3945,"tipo":14}